{"id":599,"date":"2010-07-30T23:26:36","date_gmt":"2010-07-30T21:26:36","guid":{"rendered":"http:\/\/extrahot-bordercollies.de\/?p=599"},"modified":"2010-07-30T23:26:36","modified_gmt":"2010-07-30T21:26:36","slug":"den-bordies","status":"publish","type":"post","link":"https:\/\/extrahot-bordercollies.de\/?p=599","title":{"rendered":"Den Bordies&#8230;"},"content":{"rendered":"<p>geht es nat\u00fcrlich trotz des Um- und Ausbaustresses gut. Wir bem\u00fchen uns, nur unsere Freizeit einzuschr\u00e4nken, damit die Hunde nicht zu kurz kommen.<\/p>\n<p>Sie geniessen die Zeit in &#8218;ihrem&#8216; Garten w\u00e4hrend wir handwerkeln und haben sich auch mit den Nachbarn schon angefreundet. Es sieht aber auch wirklich sehr s\u00fc\u00df aus, wenn vier Border Collies am Zaun stehen und vor Freude wedeln, weil der Nachbar nach Hause kommt.<\/p>\n<p>Ganz hoch im Kurs steht bei Indy und Spicy derzeit Beeren pfl\u00fccken. W\u00e4hrend sich Indy noch auf Walderdbeeren beschr\u00e4nkt, zupft Spicy auch schon Blaubeeren von den Str\u00e4uchern.<\/p>\n<p style=\"text-align: center;\"><span class=\"frame-outer  size-thumbnail wp-image-601 alignnone\" style=\"text-decoration: none;\"><span><span><span><span><a  href=\"http:\/\/extrahot-bordercollies.de\/wp-content\/uploads\/2010\/07\/Foto-40.jpg\"><img loading=\"lazy\" decoding=\"async\" class=\"size-thumbnail wp-image-601 alignnone\" title=\"Indy und die Erdbeeren\" src=\"http:\/\/extrahot-bordercollies.de\/wp-content\/uploads\/2010\/07\/Foto-40-150x150.jpg\" alt=\"\" width=\"150\" height=\"150\" \/><\/a><\/span><\/span><\/span><\/span><\/span> <span class=\"frame-outer  size-thumbnail wp-image-602 alignnone\"><span><span><span><span><a href=\"http:\/\/extrahot-bordercollies.de\/wp-content\/uploads\/2010\/07\/Foto-43.jpg\"><img loading=\"lazy\" decoding=\"async\" class=\"size-thumbnail wp-image-602 alignnone\" title=\"Spicy und die Blaubeeren\" src=\"http:\/\/extrahot-bordercollies.de\/wp-content\/uploads\/2010\/07\/Foto-43-150x150.jpg\" alt=\"\" width=\"150\" height=\"150\" \/><\/a><\/span><\/span><\/span><\/span><\/span><\/p>\n<p style=\"text-align: left;\">Nach dem Seminar im Juni mit Trudy und Angela bin ich wieder total inspiriert und motiviert. Und Spicy macht tolle Fortschritte.<br \/>\nHier noch zwei Bilder (gemacht von Peter Van de Velde) von unseren Trainingstagen im Juni.<\/p>\n<p style=\"text-align: center;\"><span class=\"frame-outer  size-medium wp-image-604 alignnone\"><span><span><span><span><a href=\"http:\/\/extrahot-bordercollies.de\/wp-content\/uploads\/2010\/07\/IMG_6505_2.jpg\"><img loading=\"lazy\" decoding=\"async\" class=\"size-medium wp-image-604 alignnone\" title=\"Spicy Heelwork Juni 2010\" src=\"http:\/\/extrahot-bordercollies.de\/wp-content\/uploads\/2010\/07\/IMG_6505_2-200x300.jpg\" alt=\"\" width=\"160\" height=\"240\" srcset=\"https:\/\/extrahot-bordercollies.de\/wp-content\/uploads\/2010\/07\/IMG_6505_2-200x300.jpg 200w, https:\/\/extrahot-bordercollies.de\/wp-content\/uploads\/2010\/07\/IMG_6505_2.jpg 427w\" sizes=\"auto, (max-width: 160px) 100vw, 160px\" \/><\/a><\/span><\/span><\/span><\/span><\/span> <span class=\"frame-outer  alignnone size-medium wp-image-605\"><span><span><span><span><a href=\"http:\/\/extrahot-bordercollies.de\/wp-content\/uploads\/2010\/07\/IMG_6507_2.jpg\"><img loading=\"lazy\" decoding=\"async\" class=\"alignnone size-medium wp-image-605\" title=\"Spicy Heelwork Juni '10\" src=\"http:\/\/extrahot-bordercollies.de\/wp-content\/uploads\/2010\/07\/IMG_6507_2-200x300.jpg\" alt=\"\" width=\"160\" height=\"240\" srcset=\"https:\/\/extrahot-bordercollies.de\/wp-content\/uploads\/2010\/07\/IMG_6507_2-200x300.jpg 200w, https:\/\/extrahot-bordercollies.de\/wp-content\/uploads\/2010\/07\/IMG_6507_2.jpg 427w\" sizes=\"auto, (max-width: 160px) 100vw, 160px\" \/><\/a><\/span><\/span><\/span><\/span><\/span><\/p>\n<p style=\"text-align: left;\">Im September fahren Susi und ich zu den holl\u00e4ndischen Meisterschaften, um in Beginner und Novice zu starten.<br \/>\nEnde Oktober findet endlich unser lang ersehntes Seminar mit Kamal Fernandez (GB) an, auf das ich mich schon riesig freue.<\/p>\n","protected":false},"excerpt":{"rendered":"<p>geht es nat\u00fcrlich trotz des Um- und Ausbaustresses gut. Wir bem\u00fchen uns, nur unsere Freizeit einzuschr\u00e4nken, damit die Hunde nicht zu kurz kommen. Sie geniessen die Zeit in &#8218;ihrem&#8216; Garten w\u00e4hrend wir handwerkeln und haben sich auch mit den Nachbarn schon angefreundet. Es sieht aber auch wirklich sehr s\u00fc\u00df aus, wenn vier Border Collies am [&hellip;]<\/p>\n","protected":false},"author":2,"featured_media":0,"comment_status":"open","ping_status":"closed","sticky":false,"template":"","format":"standard","meta":{"footnotes":""},"categories":[1],"tags":[],"class_list":["post-599","post","type-post","status-publish","format-standard","hentry","category-alles-mogliche"],"jetpack_featured_media_url":"","_links":{"self":[{"href":"https:\/\/extrahot-bordercollies.de\/index.php?rest_route=\/wp\/v2\/posts\/599","targetHints":{"allow":["GET"]}}],"collection":[{"href":"https:\/\/extrahot-bordercollies.de\/index.php?rest_route=\/wp\/v2\/posts"}],"about":[{"href":"https:\/\/extrahot-bordercollies.de\/index.php?rest_route=\/wp\/v2\/types\/post"}],"author":[{"embeddable":true,"href":"https:\/\/extrahot-bordercollies.de\/index.php?rest_route=\/wp\/v2\/users\/2"}],"replies":[{"embeddable":true,"href":"https:\/\/extrahot-bordercollies.de\/index.php?rest_route=%2Fwp%2Fv2%2Fcomments&post=599"}],"version-history":[{"count":11,"href":"https:\/\/extrahot-bordercollies.de\/index.php?rest_route=\/wp\/v2\/posts\/599\/revisions"}],"predecessor-version":[{"id":615,"href":"https:\/\/extrahot-bordercollies.de\/index.php?rest_route=\/wp\/v2\/posts\/599\/revisions\/615"}],"wp:attachment":[{"href":"https:\/\/extrahot-bordercollies.de\/index.php?rest_route=%2Fwp%2Fv2%2Fmedia&parent=599"}],"wp:term":[{"taxonomy":"category","embeddable":true,"href":"https:\/\/extrahot-bordercollies.de\/index.php?rest_route=%2Fwp%2Fv2%2Fcategories&post=599"},{"taxonomy":"post_tag","embeddable":true,"href":"https:\/\/extrahot-bordercollies.de\/index.php?rest_route=%2Fwp%2Fv2%2Ftags&post=599"}],"curies":[{"name":"wp","href":"https:\/\/api.w.org\/{rel}","templated":true}]}}